{"id":296,"date":"2026-02-21T22:09:12","date_gmt":"2026-02-21T21:09:12","guid":{"rendered":"https:\/\/wanderfreunde-damm.de\/wp\/?p=296"},"modified":"2026-02-22T18:08:14","modified_gmt":"2026-02-22T17:08:14","slug":"faschingsparade-durch-die-daemmer-flur","status":"publish","type":"post","link":"https:\/\/wanderfreunde-damm.de\/wp\/?p=296","title":{"rendered":"Faschingsparade durch die D\u00e4mmer Flur"},"content":{"rendered":"\n<p>Am Faschingssamstag verwandelte sich die D\u00e4mmer Flur in eine bunte B\u00fchne voller Lebensfreude: Die Wanderfreunde 1922 Damm hatten in Kooperation mit dem Wanderverein &#8222;Naturfreunde&#8220; R\u00fcckersbach zur Kost\u00fcmwanderung eingeladen \u2013 und zahlreiche N\u00e4rrinnen und Narren folgten dem Ruf.<\/p>\n\n\n\n<p>Treffpunkt war an der St. Michaelskirche in Damm, wo sich die Teilnehmenden in ihren fantasievollen Verkleidungen versammelten. Von m\u00e4rchenhaften Figuren bis hin zu originellen Eigenkreationen war alles vertreten.<\/p>\n\n\n\n<p>\u00dcber die Aschaffbr\u00fccke, vorbei am Maibaum, ging es neben dem alten Feuerwehrhaus durch das \u201eBeuneg\u00e4ssje\u201c hinaus in die D\u00e4mmer Natur. Unterwegs bot sich den Wandernden \u00fcber die Streuobstwiesen hinweg ein herrlicher Blick auf Aschaffenburg. Die farbenfrohe Gesellschaft brachte sp\u00fcrbar Leben in die Umgebung.<\/p>\n\n\n\n<p>Die f\u00fcnfte Jahreszeit wurde hier nicht nur gefeiert, sondern erwandert. Die Teilnehmenden waren begeistert von den Ecken des Stadtteils, in die sie bislang noch nie gekommen waren. Mit offenen Augen und viel Neugier entdeckten sie neue Wege, versteckte Winkel und \u00fcberraschende Perspektiven ihrer eigenen Umgebung.<\/p>\n\n\n\n<p>Unterwegs blieb gen\u00fcgend Zeit f\u00fcr Gespr\u00e4che, gemeinsames Lachen und das Kn\u00fcpfen neuer Kontakte. Die lockere Atmosph\u00e4re machte es leicht, miteinander ins Gespr\u00e4ch zu kommen \u2013 ganz gleich ob jung oder alt.<\/p>\n\n\n\n<p>P\u00fcnktlich zum 17-Uhr-L\u00e4uten der St. Michaelskirche querten wir die Schillerstra\u00dfe. An der roten Ampel wurde die Gruppe kurzzeitig geteilt, sodass sich f\u00fcr die vorbeikommenden Fahrzeuginsassen ein ebenso buntes wie interessantes Bild bot: eine fr\u00f6hliche Schar kost\u00fcmierter Wanderfreunde, die gut gelaunt auf das gr\u00fcne Signal wartete.<\/p>\n\n\n\n<p>Zum Aufw\u00e4rmen und gem\u00fctlichen Ausklang kehrte die bunte Gemeinschaft schlie\u00dflich in die Pizzeria Adria ein. Bei leckeren Speisen und Getr\u00e4nken lie\u00df man den Tag Revue passieren und war sich einig: Diese Kost\u00fcmwanderung war ein voller Erfolg und ein farbenfrohes Highlight der Wanderfreunde Damm.<\/p>\n\n\n\n<p>Frisch auf!<\/p>\n\n\n\n<p>1. Wanderwart, Ludwig Lang<\/p>\n\n\n\n<figure class=\"wp-block-image alignwide size-large\"><img loading=\"lazy\" decoding=\"async\" width=\"2560\" height=\"1440\" src=\"https:\/\/wanderfreunde-damm.de\/wp\/wp-content\/uploads\/2026\/02\/DammStrietwald_Wanderfreunde1922Aschaffenburg-Damm_Gruppenbild-edited-scaled.jpeg\" alt=\"\" class=\"wp-image-298\" srcset=\"https:\/\/wanderfreunde-damm.de\/wp\/wp-content\/uploads\/2026\/02\/DammStrietwald_Wanderfreunde1922Aschaffenburg-Damm_Gruppenbild-edited-scaled.jpeg 2560w, https:\/\/wanderfreunde-damm.de\/wp\/wp-content\/uploads\/2026\/02\/DammStrietwald_Wanderfreunde1922Aschaffenburg-Damm_Gruppenbild-edited-300x169.jpeg 300w, https:\/\/wanderfreunde-damm.de\/wp\/wp-content\/uploads\/2026\/02\/DammStrietwald_Wanderfreunde1922Aschaffenburg-Damm_Gruppenbild-edited-1024x576.jpeg 1024w, https:\/\/wanderfreunde-damm.de\/wp\/wp-content\/uploads\/2026\/02\/DammStrietwald_Wanderfreunde1922Aschaffenburg-Damm_Gruppenbild-edited-768x432.jpeg 768w, https:\/\/wanderfreunde-damm.de\/wp\/wp-content\/uploads\/2026\/02\/DammStrietwald_Wanderfreunde1922Aschaffenburg-Damm_Gruppenbild-edited-1536x864.jpeg 1536w, https:\/\/wanderfreunde-damm.de\/wp\/wp-content\/uploads\/2026\/02\/DammStrietwald_Wanderfreunde1922Aschaffenburg-Damm_Gruppenbild-edited-2048x1152.jpeg 2048w\" sizes=\"auto, (max-width: 2560px) 100vw, 2560px\" \/><\/figure>\n","protected":false},"excerpt":{"rendered":"<p>Am Faschingssamstag verwandelte sich die D\u00e4mmer Flur in eine bunte B\u00fchne voller Lebensfreude: Die Wanderfreunde 1922 Damm hatten in Kooperation [&hellip;]<\/p>\n","protected":false},"author":1,"featured_media":298,"comment_status":"closed","ping_status":"closed","sticky":false,"template":"","format":"standard","meta":{"site-sidebar-layout":"default","site-content-layout":"","ast-site-content-layout":"default","site-content-style":"default","site-sidebar-style":"default","ast-global-header-display":"","ast-banner-title-visibility":"","ast-main-header-display":"","ast-hfb-above-header-display":"","ast-hfb-below-header-display":"","ast-hfb-mobile-header-display":"","site-post-title":"","ast-breadcrumbs-content":"","ast-featured-img":"","footer-sml-layout":"","theme-transparent-header-meta":"","adv-header-id-meta":"","stick-header-meta":"","header-above-stick-meta":"","header-main-stick-meta":"","header-below-stick-meta":"","astra-migrate-meta-layouts":"default","ast-page-background-enabled":"default","ast-page-background-meta":{"desktop":{"background-color":"var(--ast-global-color-5)","background-image":"","background-repeat":"repeat","background-position":"center center","background-size":"auto","background-attachment":"scroll","background-type":"","background-media":"","overlay-type":"","overlay-color":"","overlay-opacity":"","overlay-gradient":""},"tablet":{"background-color":"","background-image":"","background-repeat":"repeat","background-position":"center center","background-size":"auto","background-attachment":"scroll","background-type":"","background-media":"","overlay-type":"","overlay-color":"","overlay-opacity":"","overlay-gradient":""},"mobile":{"background-color":"","background-image":"","background-repeat":"repeat","background-position":"center center","background-size":"auto","background-attachment":"scroll","background-type":"","background-media":"","overlay-type":"","overlay-color":"","overlay-opacity":"","overlay-gradient":""}},"ast-content-background-meta":{"desktop":{"background-color":"var(--ast-global-color-4)","background-image":"","background-repeat":"repeat","background-position":"center center","background-size":"auto","background-attachment":"scroll","background-type":"","background-media":"","overlay-type":"","overlay-color":"","overlay-opacity":"","overlay-gradient":""},"tablet":{"background-color":"var(--ast-global-color-4)","background-image":"","background-repeat":"repeat","background-position":"center center","background-size":"auto","background-attachment":"scroll","background-type":"","background-media":"","overlay-type":"","overlay-color":"","overlay-opacity":"","overlay-gradient":""},"mobile":{"background-color":"var(--ast-global-color-4)","background-image":"","background-repeat":"repeat","background-position":"center center","background-size":"auto","background-attachment":"scroll","background-type":"","background-media":"","overlay-type":"","overlay-color":"","overlay-opacity":"","overlay-gradient":""}},"footnotes":""},"categories":[4,13],"tags":[],"class_list":["post-296","post","type-post","status-publish","format-standard","has-post-thumbnail","hentry","category-newsticker","category-oeffentlichkeitsarbeit"],"_links":{"self":[{"href":"https:\/\/wanderfreunde-damm.de\/wp\/index.php?rest_route=\/wp\/v2\/posts\/296","targetHints":{"allow":["GET"]}}],"collection":[{"href":"https:\/\/wanderfreunde-damm.de\/wp\/index.php?rest_route=\/wp\/v2\/posts"}],"about":[{"href":"https:\/\/wanderfreunde-damm.de\/wp\/index.php?rest_route=\/wp\/v2\/types\/post"}],"author":[{"embeddable":true,"href":"https:\/\/wanderfreunde-damm.de\/wp\/index.php?rest_route=\/wp\/v2\/users\/1"}],"replies":[{"embeddable":true,"href":"https:\/\/wanderfreunde-damm.de\/wp\/index.php?rest_route=%2Fwp%2Fv2%2Fcomments&post=296"}],"version-history":[{"count":2,"href":"https:\/\/wanderfreunde-damm.de\/wp\/index.php?rest_route=\/wp\/v2\/posts\/296\/revisions"}],"predecessor-version":[{"id":302,"href":"https:\/\/wanderfreunde-damm.de\/wp\/index.php?rest_route=\/wp\/v2\/posts\/296\/revisions\/302"}],"wp:featuredmedia":[{"embeddable":true,"href":"https:\/\/wanderfreunde-damm.de\/wp\/index.php?rest_route=\/wp\/v2\/media\/298"}],"wp:attachment":[{"href":"https:\/\/wanderfreunde-damm.de\/wp\/index.php?rest_route=%2Fwp%2Fv2%2Fmedia&parent=296"}],"wp:term":[{"taxonomy":"category","embeddable":true,"href":"https:\/\/wanderfreunde-damm.de\/wp\/index.php?rest_route=%2Fwp%2Fv2%2Fcategories&post=296"},{"taxonomy":"post_tag","embeddable":true,"href":"https:\/\/wanderfreunde-damm.de\/wp\/index.php?rest_route=%2Fwp%2Fv2%2Ftags&post=296"}],"curies":[{"name":"wp","href":"https:\/\/api.w.org\/{rel}","templated":true}]}}